{"id":6947,"date":"2020-02-07T12:05:14","date_gmt":"2020-02-07T19:05:14","guid":{"rendered":"http:\/\/paratodos.com\/pt\/?p=6947"},"modified":"2020-02-07T12:09:02","modified_gmt":"2020-02-07T19:09:02","slug":"expo-vida-consciente-2020","status":"publish","type":"post","link":"http:\/\/paratodos.com\/pt\/expo-vida-consciente-2020\/","title":{"rendered":"Expo Vida Consciente 2020"},"content":{"rendered":"<p><b><a href=\"http:\/\/paratodos.com\/pt\/expo-vida-consciente-2020\/veronica-del-castillo-2020\/\" rel=\"attachment wp-att-6953\"><img decoding=\"async\" loading=\"lazy\" class=\"size-full wp-image-6953 aligncenter\" src=\"http:\/\/paratodos.com\/pt\/wp-content\/uploads\/2020\/02\/veronica-del-castillo-2020.jpg\" alt=\"\" width=\"450\" height=\"675\" srcset=\"http:\/\/paratodos.com\/pt\/wp-content\/uploads\/2020\/02\/veronica-del-castillo-2020.jpg 450w, http:\/\/paratodos.com\/pt\/wp-content\/uploads\/2020\/02\/veronica-del-castillo-2020-200x300.jpg 200w, http:\/\/paratodos.com\/pt\/wp-content\/uploads\/2020\/02\/veronica-del-castillo-2020-267x400.jpg 267w\" sizes=\"(max-width: 450px) 100vw, 450px\" \/><\/a><br \/>\nFebrero 7, 8, 9, y 10<\/b><\/p>\n<p><b><i>Kate del Castillo<\/i> recibir\u00e1 un reconocimiento el <span class=\"Apple-converted-space\">&nbsp;<\/span><\/b><b>S\u00e1bado 8 de Febrero a las 3PM en el Carmel Ballroom<\/b><\/p>\n<p>Entre las 36 conferencias que se ofrecer\u00e1n se encuentra la de Adversidad, Resiliencia y \u00c9xito, pre- sentada por Ver\u00f3nica del Castillo, periodista y autora de libros. Ella, al pasar por depresi\u00f3n postparto y de un dif\u00edcil divorcio, se comprometi\u00f3 a empoderar a mujeres, educ\u00e1ndolas sobre la dependencia emocional, la resiliencia y nuestro potencial para alcanzar el \u00e9xito.<\/p>\n<p>Despu\u00e9s de su presentaci\u00f3n, su hermana Kate del Castillo, recibir\u00e1 un reconocimiento por su talento e impresionante trayectoria art\u00edstica en el mundo hispano. El p\u00fablico podr\u00e1 hacerle preguntas sobre su propio trabajo de superaci\u00f3n de adversidades y qu\u00e9 hizo para salir adelante, triunfando personal y profesionalmente.<\/p>\n<p>La Expo Vida Consciencia agradece infinitamente la&nbsp;presencia de Kate del Castillo, por compartir su&nbsp;experiencia de vida, inspiraci\u00f3n, sabidur\u00eda y la posibilidad de trascender los miedos y las dificultades para lograr una vida de \u00e9xito, abundancia, amor y felicidad.<\/p>\n<p>Para ver el programa completo visite la p\u00e1gina de internet <a href=\"http:\/\/www.expovidaconsciente.com\">www.expovidaconsciente.com<\/a>.<\/p>\n<p><b>\u00a1Nos vemos en la Expo! LAX Hilton 5711 W. Century Blvd. LA, CA 90045<\/b><\/p>\n<p><b>M\u00e1s informaci\u00f3n en: 833-777-EXPO (3976)<\/b><\/p>\n<p><a href=\"http:\/\/paratodos.com\/pt\/expo-vida-consciente-2020\/vida_expo-vida-conciente-2020\/\" rel=\"attachment wp-att-6949\"><img decoding=\"async\" loading=\"lazy\" class=\"size-full wp-image-6949 aligncenter\" src=\"http:\/\/paratodos.com\/pt\/wp-content\/uploads\/2020\/02\/VIDA_EXPO-vida-conciente-2020.jpg\" alt=\"\" width=\"450\" height=\"579\" srcset=\"http:\/\/paratodos.com\/pt\/wp-content\/uploads\/2020\/02\/VIDA_EXPO-vida-conciente-2020.jpg 450w, http:\/\/paratodos.com\/pt\/wp-content\/uploads\/2020\/02\/VIDA_EXPO-vida-conciente-2020-233x300.jpg 233w, http:\/\/paratodos.com\/pt\/wp-content\/uploads\/2020\/02\/VIDA_EXPO-vida-conciente-2020-311x400.jpg 311w\" sizes=\"(max-width: 450px) 100vw, 450px\" \/><\/a><\/p>\n<!-- AddThis Advanced Settings generic via filter on the_content --><!-- AddThis Share Buttons generic via filter on the_content -->","protected":false},"excerpt":{"rendered":"<p>Febrero 7, 8, 9, y 10 Kate del Castillo recibir\u00e1 un reconocimiento el &nbsp;S\u00e1bado 8 de Febrero a las 3PM en el Carmel Ballroom Entre las 36 conferencias que se ofrecer\u00e1n se encuentra la de Adversidad, Resiliencia y \u00c9xito, pre- sentada por Ver\u00f3nica del Castillo, periodista y autora de libros. Ella, al pasar por depresi\u00f3n [&hellip;]<!-- AddThis Advanced Settings generic via filter on get_the_excerpt --><!-- AddThis Share Buttons generic via filter on get_the_excerpt --><\/p>\n","protected":false},"author":1,"featured_media":6955,"comment_status":"closed","ping_status":"closed","sticky":false,"template":"","format":"standard","meta":{"ngg_post_thumbnail":0},"categories":[10],"tags":[],"_links":{"self":[{"href":"http:\/\/paratodos.com\/pt\/wp-json\/wp\/v2\/posts\/6947"}],"collection":[{"href":"http:\/\/paratodos.com\/pt\/wp-json\/wp\/v2\/posts"}],"about":[{"href":"http:\/\/paratodos.com\/pt\/wp-json\/wp\/v2\/types\/post"}],"author":[{"embeddable":true,"href":"http:\/\/paratodos.com\/pt\/wp-json\/wp\/v2\/users\/1"}],"replies":[{"embeddable":true,"href":"http:\/\/paratodos.com\/pt\/wp-json\/wp\/v2\/comments?post=6947"}],"version-history":[{"count":4,"href":"http:\/\/paratodos.com\/pt\/wp-json\/wp\/v2\/posts\/6947\/revisions"}],"predecessor-version":[{"id":6956,"href":"http:\/\/paratodos.com\/pt\/wp-json\/wp\/v2\/posts\/6947\/revisions\/6956"}],"wp:featuredmedia":[{"embeddable":true,"href":"http:\/\/paratodos.com\/pt\/wp-json\/wp\/v2\/media\/6955"}],"wp:attachment":[{"href":"http:\/\/paratodos.com\/pt\/wp-json\/wp\/v2\/media?parent=6947"}],"wp:term":[{"taxonomy":"category","embeddable":true,"href":"http:\/\/paratodos.com\/pt\/wp-json\/wp\/v2\/categories?post=6947"},{"taxonomy":"post_tag","embeddable":true,"href":"http:\/\/paratodos.com\/pt\/wp-json\/wp\/v2\/tags?post=6947"}],"curies":[{"name":"wp","href":"https:\/\/api.w.org\/{rel}","templated":true}]}}