{"id":5338,"date":"2013-10-16T15:01:36","date_gmt":"2013-10-16T22:01:36","guid":{"rendered":"http:\/\/paratodos.com\/pt\/?p=5338"},"modified":"2013-10-16T15:06:38","modified_gmt":"2013-10-16T22:06:38","slug":"entrevista-exclusiva-con-dulce-maria","status":"publish","type":"post","link":"http:\/\/paratodos.com\/pt\/entrevista-exclusiva-con-dulce-maria\/","title":{"rendered":"Entrevista exclusiva con Dulce Mar\u00e1"},"content":{"rendered":"<p><img decoding=\"async\" loading=\"lazy\" class=\"aligncenter size-full wp-image-5339\" title=\"dulce-maria-para-todos-2013-francis-bertrand\" src=\"http:\/\/paratodos.com\/pt\/wp-content\/uploads\/2013\/10\/dulce-maria-para-todos-2013-francis-bertrand.jpg\" alt=\"\" width=\"450\" height=\"568\" srcset=\"http:\/\/paratodos.com\/pt\/wp-content\/uploads\/2013\/10\/dulce-maria-para-todos-2013-francis-bertrand.jpg 450w, http:\/\/paratodos.com\/pt\/wp-content\/uploads\/2013\/10\/dulce-maria-para-todos-2013-francis-bertrand-237x300.jpg 237w, http:\/\/paratodos.com\/pt\/wp-content\/uploads\/2013\/10\/dulce-maria-para-todos-2013-francis-bertrand-316x400.jpg 316w\" sizes=\"(max-width: 450px) 100vw, 450px\" \/><\/p>\n<p>Demostr\u00f3 su talento como actriz desde peque\u00f1a, haciendo comerciales y participando en programas para ni\u00f1os. A los 12 inicia su carrera musical con el grupo infantil Kids logrando \u00e9xito en un par de canciones. Act\u00faa m\u00e1s adelante en telenovelas como &#8220;Alondra&#8221;, &#8220;El vuelo del \u00e1guila&#8221;, &#8220;Nunca te olvidar\u00e9&#8221;, &#8220;Locura de amor&#8221;, entre muchas m\u00e1s. Y en el 2003 se integra al elenco &#8220;Clase 406&#8221; como Marcela. En esa serie comparte la pantalla peque\u00f1a con tres actores que luego llegan a formar parte del grupo RBD. Tambi\u00e9n ha trabajado en pel\u00edculas como, &#8220;Quimera&#8221; e &#8220;Inesperado amor&#8221;.<\/p>\n<p>&nbsp;<\/p>\n<p>En 2004, la vida de Dulce cambia vertiginosamente cuando el productor, Pedro Dami\u00e1n, la integra<strong> a<\/strong>l elenco de la telenovela &#8220;Rebelde&#8221;, donde interpreta a Roberta Pardo, y llega a ser parte del grupo pop, RBD. Ese grupo logra fama instant\u00e1nea, y lanza 9 discos y vende m\u00e1s de 20 millones de copias por todo el mundo. Pero en el 2008 se disuelve, dando su \u00faltima gira mundial ese a\u00f1o. Dulce publica su libro &#8220;Dulce Amargo&#8221;, en el que incluye poemas y vivencias propias.<br \/>\nEn 2009 protagoniza la telenovela &#8220;Verano de amor&#8221;, junto a Gonzalo Garc\u00eda Vivanco y Ari Borovoy, producida tambi\u00e9n por Pedro Dami\u00e1n, donde interpreta los temas de entrada de la telenovela, &#8220;El verano&#8221; y &#8220;D\u00e9jame ser&#8221;. Crea en el mismo a\u00f1o la Fundaci\u00f3n &#8220;Dulce Amanecer&#8221; para apoyar a las comunidades de mujeres ind\u00edgenas y sus hijos, as\u00ed como la protecci\u00f3n del medio ambiente. Recibe tambi\u00e9n diez nominaciones de los Premios Juventud y en junio del mismo a\u00f1o firma contrato con Universal Music para grabar su primer disco de solista.<\/p>\n<p>Y Dulce lanza &#8220;Extranjera&#8221; donde incluye los exitosos sencillos &#8220;Inevitable&#8221; y &#8220;Ya No&#8221;, recorre muchos pa\u00edses, en un tour que dur\u00f3 cerca de 2 a\u00f1os y obtiene altas ventas y discos de Platino en Brasil y de Oro en Argentina y Espa\u00f1a. Protagoniza luego, \u00bfAlguien ha vista a Lupita? y recientemente fue parte de &#8220;No dejen caer a Alberto en tentaci\u00f3n&#8221;.<\/p>\n<p>&nbsp;<\/p>\n<p>Nos encontramos con la cantante y compositora Dulce Maria en Los \u00c1ngeles y nos quedamos unos d\u00edas con ella para estar presentes durante la grabaci\u00f3n de su video musical de su canci\u00f3n &#8220;L\u00e1grimas&#8221; y hacerle una sesi\u00f3n de fotos para la portada de la revista.<\/p>\n<p>&nbsp;<\/p>\n<p>La cordial y apacible cantante mexicana quien aparece por segunda vez en la portada de PARA TODOS, regresa este a\u00f1o con nueva m\u00fasica. El primer sencillo de su siguiente disco &#8220;Lagrimas&#8221;, un d\u00fao con Juli\u00f3n Alvarez ya ha logrado gran \u00e9xito internacional.<\/p>\n<p>&nbsp;<\/p>\n<p><strong>\u00bfQu\u00e9 nos puedes decir sobre tu segundo disco como solista que tendremos pr\u00f3ximamente?<\/strong><br \/>\nPues, es un disco m\u00e1s maduro, atrevido, m\u00e1s realista y m\u00e1s latino.<\/p>\n<p><img decoding=\"async\" loading=\"lazy\" class=\"aligncenter size-full wp-image-5345\" title=\"dulce-maria-para-todos-2013-francis-bertrand-2\" src=\"http:\/\/paratodos.com\/pt\/wp-content\/uploads\/2013\/10\/dulce-maria-para-todos-2013-francis-bertrand-21.jpg\" alt=\"\" width=\"450\" height=\"547\" srcset=\"http:\/\/paratodos.com\/pt\/wp-content\/uploads\/2013\/10\/dulce-maria-para-todos-2013-francis-bertrand-21.jpg 450w, http:\/\/paratodos.com\/pt\/wp-content\/uploads\/2013\/10\/dulce-maria-para-todos-2013-francis-bertrand-21-246x300.jpg 246w, http:\/\/paratodos.com\/pt\/wp-content\/uploads\/2013\/10\/dulce-maria-para-todos-2013-francis-bertrand-21-329x400.jpg 329w\" sizes=\"(max-width: 450px) 100vw, 450px\" \/><\/p>\n<p><strong>Durante la sesi\u00f3n de fotos dijiste que hab\u00eda una balada especial para ti en el disco, \u00bfqu\u00e9 m\u00e1s nos puedes decir?<\/strong><br \/>\nEs una canci\u00f3n muy bonita de Coti y Claudia Brant, es para un amor que es tan grande, que aunque no est\u00e9 f\u00edsicamente contigo, siempre estar\u00e1 junto a ti.<\/p>\n<p>&nbsp;<\/p>\n<p><strong>\u00bfCu\u00e1l fue el mayor reto que has enfrentado en ese disco?<\/strong><br \/>\nPues el arriesgarse a hacer algo diferente a lo que mis fans estaban acostumbrados&#8230;como es el caso de mi primer sencillo.<\/p>\n<p>&nbsp;<\/p>\n<p><strong>Tu primer sencillo &#8220;L\u00e1grimas&#8221; junto a Juli\u00f3n Alvarez mezcla estilos musicales, h\u00e1blame sobre la colaboraci\u00f3n\u2026<\/strong><br \/>\nAs\u00ed es, es una fusi\u00f3n diferente y muy interesante, entre pop y banda por la voz de Juli\u00f3n y fue producida por un brasile\u00f1o, es una propuesta diferente que ojal\u00e1 le guste a la gente.<\/p>\n<p>&nbsp;<\/p>\n<p><strong>En el set vimos a Pedro Dami\u00e1n, quien produjo &#8220;Rebelde&#8221; y &#8220;Clase 406&#8221;. \u00bfPor qu\u00e9 est\u00e1 presente en tantas etapas de tu carrera?<\/strong><br \/>\nEn realidad Pedro y Luis Luisillo son mis managers, por eso es que est\u00e1n conmigo, y claro que es importante sentir su apoyo profesional en estos momentos.<\/p>\n<p>&nbsp;<\/p>\n<p><strong>Tu sencillez es uno de tus m\u00e1s grandes atributos, \u00bfte ense\u00f1aron tus padres a no perderte en la fama?\u00a0<\/strong><br \/>\nYo creo que nadie te ense\u00f1a a saber como reaccionar ante ciertas cosas, pero todas las bases y valores que tengo s\u00ed vienen de mi casa, pues me han ense\u00f1ado a luchar siempre y trabajar por lo que quiero y saber que la fama es ef\u00edmera, a ser agradecida y darle valor a las cosas esenciales no a las superficiales.<\/p>\n<p>&nbsp;<\/p>\n<p><strong>\u00bfCu\u00e1l es tu mejor recuerdo cuando se lanz\u00f3 tu primer disco &#8220;Extranjera&#8221; en el 2009? <\/strong><br \/>\nLa presentaci\u00f3n del disco que yo organic\u00e9 en el lunario en la Ciudad de M\u00e9xico.<\/p>\n<p>&nbsp;<\/p>\n<p><strong>Tu primera etapa en la m\u00fasica comenz\u00f3 con KIDS en 1996 a los 11 a\u00f1os, \u00bfqu\u00e9 es lo que m\u00e1s aprendiste en ese momento? <\/strong><br \/>\nPues fue la primera vez que grab\u00e9 un disco, la primera vez que iba de gira y que me sub\u00ed a un escenario, lo recuerdo con mucho cari\u00f1o<\/p>\n<p>&nbsp;<\/p>\n<p><strong>C\u00f3mo surge &#8220;Rebelde&#8221;, y c\u00f3mo te enteras del casting de la serie. \u00bfC\u00f3mo fue tu experiencia?<\/strong><br \/>\nYo hab\u00eda trabajado en &#8220;Clase 406&#8221; y me hablaron para que fuera hacer las pruebas de &#8220;Rebelde&#8221; y de ah\u00ed me qued\u00e9 hasta el final.<\/p>\n<p><img decoding=\"async\" loading=\"lazy\" class=\"aligncenter size-full wp-image-5341\" title=\"dulce-maria-para-todos-2013-francis-bertrand-3\" src=\"http:\/\/paratodos.com\/pt\/wp-content\/uploads\/2013\/10\/dulce-maria-para-todos-2013-francis-bertrand-3.jpg\" alt=\"\" width=\"450\" height=\"327\" srcset=\"http:\/\/paratodos.com\/pt\/wp-content\/uploads\/2013\/10\/dulce-maria-para-todos-2013-francis-bertrand-3.jpg 450w, http:\/\/paratodos.com\/pt\/wp-content\/uploads\/2013\/10\/dulce-maria-para-todos-2013-francis-bertrand-3-300x218.jpg 300w\" sizes=\"(max-width: 450px) 100vw, 450px\" \/><\/p>\n<p><strong>\u00bfCu\u00e1ndo surge la idea de formar un grupo entre el elenco? \u00bfCu\u00e1l era tu role?<\/strong><br \/>\nPues eso fue parte del proyecto, nos lo propuso Televisa y Pedro Dami\u00e1n pero nunca imaginamos que ser\u00eda tan grande como fue, nos sorprendi\u00f3 a todos.<\/p>\n<p>&nbsp;<\/p>\n<p><strong>\u00bfQu\u00e9 has aprendido de ti misma como artista solista durante estos \u00faltimos a\u00f1os?<\/strong><br \/>\nResponsabilidad, aprend\u00ed que si no haces t\u00fa la cosas, nadie las va a hacer por ti, que tienes que tener paciencia y hacer que suceda lo que anhelas,y que para llegar a donde quieres, jam\u00e1s hay que traicionar lo que quieres y en lo que crees&#8230;<\/p>\n<p>&nbsp;<\/p>\n<p><strong>Act\u00faas y haces m\u00fasica, \u00bfqu\u00e9 es lo que m\u00e1s te gusta de ambas carreras? <\/strong><br \/>\nLa m\u00fasica me permite expresarme y \u00a1ser yo! Y en la actuaci\u00f3n le prestas tus emociones a un personaje que s\u00f3lo eran letras en un papel, las dos tienen su magia, pero ahora me apasiona m\u00e1s la m\u00fasica porque puedo estar cerca de la gente a trav\u00e9s de mis canciones y mis letras.<\/p>\n<p><strong>\u00bfQu\u00e9 es lo que m\u00e1s te gusta de ser mexicana?<\/strong><br \/>\nMe siento orgullosa de mis ra\u00edces, de los lugares hermosos y m\u00e1gicos que tenemos en M\u00e9xico, de las tradiciones y la \u00a1comida!<\/p>\n<p>&nbsp;<\/p>\n<p>Dulce Maria sale en portadas de revistas renombradas, tiene millones de fans y seguidores en twitter y muchos m\u00e1s en sus v\u00eddeos en YouTube. Graba canciones, act\u00faa en pel\u00edculas, participa en programas como &#8220;En nuestras manos&#8221;, &#8220;Mujeres a tiempo&#8221; (c\u00e1ncer de mama) y &#8220;Telet\u00f3n&#8221; en diversos pa\u00edses latinos, y sonr\u00ede pl\u00e1cida, como si fuera una ni\u00f1a traviesa que no tiene nada que hacer&#8230;<\/p>\n<div>\u00a0La entrevista completa se encuentra en la edici\u00f3n de Octubre de PARA TODOS.<\/div>\n<div><\/div>\n<div><em>Fotos por Francis Bertrand<\/em><\/div>\n<div><em>Maquillaje por Clark Ivor<\/em><\/div>\n<div><em>Asistente al fotografo Elicet Vega<\/em><\/div>\n<div><em>Ropa: Vestido blanco por Johana Hernandez de <a href=\"http:\/\/www.glaudicollection.com\">Gaud\u00ed<\/a>, plumas por <a href=\"http:\/\/www.marialuciahohan.com\">Maria Lucia Hohan<\/a>, vestido negro por <a href=\"http:\/\/www.amitgt.in\">Amit GT<\/a><\/em><\/div>\n<!-- AddThis Advanced Settings generic via filter on the_content --><!-- AddThis Share Buttons generic via filter on the_content -->","protected":false},"excerpt":{"rendered":"<p>Demostr\u00f3 su talento como actriz desde peque\u00f1a, haciendo comerciales y participando en programas para ni\u00f1os. A los 12 inicia su carrera musical con el grupo infantil Kids logrando \u00e9xito en un par de canciones. Act\u00faa m\u00e1s adelante en telenovelas como &#8220;Alondra&#8221;, &#8220;El vuelo del \u00e1guila&#8221;, &#8220;Nunca te olvidar\u00e9&#8221;, &#8220;Locura de amor&#8221;, entre muchas m\u00e1s. Y [&hellip;]<!-- AddThis Advanced Settings generic via filter on get_the_excerpt --><!-- AddThis Share Buttons generic via filter on get_the_excerpt --><\/p>\n","protected":false},"author":1,"featured_media":5342,"comment_status":"open","ping_status":"closed","sticky":false,"template":"","format":"standard","meta":{"ngg_post_thumbnail":0},"categories":[10,6],"tags":[],"_links":{"self":[{"href":"http:\/\/paratodos.com\/pt\/wp-json\/wp\/v2\/posts\/5338"}],"collection":[{"href":"http:\/\/paratodos.com\/pt\/wp-json\/wp\/v2\/posts"}],"about":[{"href":"http:\/\/paratodos.com\/pt\/wp-json\/wp\/v2\/types\/post"}],"author":[{"embeddable":true,"href":"http:\/\/paratodos.com\/pt\/wp-json\/wp\/v2\/users\/1"}],"replies":[{"embeddable":true,"href":"http:\/\/paratodos.com\/pt\/wp-json\/wp\/v2\/comments?post=5338"}],"version-history":[{"count":4,"href":"http:\/\/paratodos.com\/pt\/wp-json\/wp\/v2\/posts\/5338\/revisions"}],"predecessor-version":[{"id":5344,"href":"http:\/\/paratodos.com\/pt\/wp-json\/wp\/v2\/posts\/5338\/revisions\/5344"}],"wp:featuredmedia":[{"embeddable":true,"href":"http:\/\/paratodos.com\/pt\/wp-json\/wp\/v2\/media\/5342"}],"wp:attachment":[{"href":"http:\/\/paratodos.com\/pt\/wp-json\/wp\/v2\/media?parent=5338"}],"wp:term":[{"taxonomy":"category","embeddable":true,"href":"http:\/\/paratodos.com\/pt\/wp-json\/wp\/v2\/categories?post=5338"},{"taxonomy":"post_tag","embeddable":true,"href":"http:\/\/paratodos.com\/pt\/wp-json\/wp\/v2\/tags?post=5338"}],"curies":[{"name":"wp","href":"https:\/\/api.w.org\/{rel}","templated":true}]}}