{"id":5308,"date":"2013-10-15T12:55:29","date_gmt":"2013-10-15T19:55:29","guid":{"rendered":"http:\/\/paratodos.com\/pt\/?p=5308"},"modified":"2013-10-15T12:59:32","modified_gmt":"2013-10-15T19:59:32","slug":"dulce-maria-en-la-portada-de-para-todos","status":"publish","type":"post","link":"http:\/\/paratodos.com\/pt\/dulce-maria-en-la-portada-de-para-todos\/","title":{"rendered":"Dulce Mar\u00eda en la portada de Para Todos"},"content":{"rendered":"<p><img decoding=\"async\" loading=\"lazy\" class=\"aligncenter size-full wp-image-5309\" title=\"dulce-maria-para-todos-portada-2013-18-aniversario-francis-bertrand-cover\" src=\"http:\/\/paratodos.com\/pt\/wp-content\/uploads\/2013\/10\/dulce-maria-para-todos-portada-2013-18-aniversario-francis-bertrand-cover.jpg\" alt=\"\" width=\"450\" height=\"573\" srcset=\"http:\/\/paratodos.com\/pt\/wp-content\/uploads\/2013\/10\/dulce-maria-para-todos-portada-2013-18-aniversario-francis-bertrand-cover.jpg 450w, http:\/\/paratodos.com\/pt\/wp-content\/uploads\/2013\/10\/dulce-maria-para-todos-portada-2013-18-aniversario-francis-bertrand-cover-235x300.jpg 235w, http:\/\/paratodos.com\/pt\/wp-content\/uploads\/2013\/10\/dulce-maria-para-todos-portada-2013-18-aniversario-francis-bertrand-cover-314x400.jpg 314w\" sizes=\"(max-width: 450px) 100vw, 450px\" \/><\/p>\n<div>La m\u00e1s reciente edici\u00f3n de PARA TODOS, en celebraci\u00f3n de su 18 avo aniversario, cuenta con Dulce Mar\u00eda en portada. La talentosa cantante mexicana pos\u00f3 para la sesi\u00f3n de fotos exclusivas en Los \u00c1ngeles.<\/div>\n<div><\/div>\n<div><\/div>\n<div>M\u00e1s fotos y la entrevista exclusiva de Dulce Mar\u00eda saldr\u00e1 este mi\u00e9rcoles por\u00a0<a href=\"http:\/\/www.paratodos.com\/\">www.paratodos.com<\/a><\/div>\n<div><\/div>\n<div><\/div>\n<div><em>Foto por Francis Bertrand<\/em><\/div>\n<p>&nbsp;<\/p>\n<p>&nbsp;<\/p>\n<!-- AddThis Advanced Settings generic via filter on the_content --><!-- AddThis Share Buttons generic via filter on the_content -->","protected":false},"excerpt":{"rendered":"<p>La m\u00e1s reciente edici\u00f3n de PARA TODOS, en celebraci\u00f3n de su 18 avo aniversario, cuenta con Dulce Mar\u00eda en portada. La talentosa cantante mexicana pos\u00f3 para la sesi\u00f3n de fotos exclusivas en Los \u00c1ngeles. M\u00e1s fotos y la entrevista exclusiva de Dulce Mar\u00eda saldr\u00e1 este mi\u00e9rcoles por\u00a0www.paratodos.com Foto por Francis Bertrand &nbsp; &nbsp;<!-- AddThis Advanced Settings generic via filter on get_the_excerpt --><!-- AddThis Share Buttons generic via filter on get_the_excerpt --><\/p>\n","protected":false},"author":1,"featured_media":5310,"comment_status":"open","ping_status":"closed","sticky":false,"template":"","format":"standard","meta":{"ngg_post_thumbnail":0},"categories":[10,6],"tags":[],"_links":{"self":[{"href":"http:\/\/paratodos.com\/pt\/wp-json\/wp\/v2\/posts\/5308"}],"collection":[{"href":"http:\/\/paratodos.com\/pt\/wp-json\/wp\/v2\/posts"}],"about":[{"href":"http:\/\/paratodos.com\/pt\/wp-json\/wp\/v2\/types\/post"}],"author":[{"embeddable":true,"href":"http:\/\/paratodos.com\/pt\/wp-json\/wp\/v2\/users\/1"}],"replies":[{"embeddable":true,"href":"http:\/\/paratodos.com\/pt\/wp-json\/wp\/v2\/comments?post=5308"}],"version-history":[{"count":5,"href":"http:\/\/paratodos.com\/pt\/wp-json\/wp\/v2\/posts\/5308\/revisions"}],"predecessor-version":[{"id":5314,"href":"http:\/\/paratodos.com\/pt\/wp-json\/wp\/v2\/posts\/5308\/revisions\/5314"}],"wp:featuredmedia":[{"embeddable":true,"href":"http:\/\/paratodos.com\/pt\/wp-json\/wp\/v2\/media\/5310"}],"wp:attachment":[{"href":"http:\/\/paratodos.com\/pt\/wp-json\/wp\/v2\/media?parent=5308"}],"wp:term":[{"taxonomy":"category","embeddable":true,"href":"http:\/\/paratodos.com\/pt\/wp-json\/wp\/v2\/categories?post=5308"},{"taxonomy":"post_tag","embeddable":true,"href":"http:\/\/paratodos.com\/pt\/wp-json\/wp\/v2\/tags?post=5308"}],"curies":[{"name":"wp","href":"https:\/\/api.w.org\/{rel}","templated":true}]}}