{"id":4011,"date":"2011-10-18T14:06:01","date_gmt":"2011-10-18T21:06:01","guid":{"rendered":"http:\/\/paratodos.com\/pt\/?p=4011"},"modified":"2011-10-18T22:26:28","modified_gmt":"2011-10-19T05:26:28","slug":"adamari-lopez-la-mas-bella-del-ano","status":"publish","type":"post","link":"http:\/\/paratodos.com\/pt\/adamari-lopez-la-mas-bella-del-ano\/","title":{"rendered":"Adamari L\u00f3pez: La m\u00e1s bella del a\u00f1o"},"content":{"rendered":"<p><img decoding=\"async\" loading=\"lazy\" class=\"aligncenter size-full wp-image-4035\" title=\"adamari_10_18_11\" src=\"http:\/\/paratodos.com\/pt\/wp-content\/uploads\/2011\/10\/adamari_10_18_113.jpg\" alt=\"\" width=\"450\" height=\"582\" srcset=\"http:\/\/paratodos.com\/pt\/wp-content\/uploads\/2011\/10\/adamari_10_18_113.jpg 450w, http:\/\/paratodos.com\/pt\/wp-content\/uploads\/2011\/10\/adamari_10_18_113-231x300.jpg 231w, http:\/\/paratodos.com\/pt\/wp-content\/uploads\/2011\/10\/adamari_10_18_113-309x400.jpg 309w\" sizes=\"(max-width: 450px) 100vw, 450px\" \/><\/p>\n<p>En marzo del 2005 Adamari L\u00f3pez, con mucha entereza, anunci\u00f3 que fue diagnosticada con c\u00e1ncer de seno.<\/p>\n<p>En ese momento, Adamari comenz\u00f3 una nueva etapa en su vida, que la llev\u00f3 a superarse de la enfermedad y con valent\u00eda educar, informar y ayudar a otras mujeres que han enfrentado la misma situaci\u00f3n. Adamari se encuentra en la actualidad, trabajando con Save Lids to Save Lives, cuya meta es recaudar dinero para la lucha contra el c\u00e1ncer de seno de la organizaci\u00f3n Susan G. Komen for the Cure.<\/p>\n<p>&nbsp;<\/p>\n<p>Adamari naci\u00f3 en Humacao, Puerto Rico y, desde peque\u00f1a, dese\u00f3 pertenecer al atractivo mundo del entretenimiento. Adamari comenz\u00f3 su carrera como artista cuando s\u00f3lo tenia 6 a\u00f1os en la famosa telenovela de Cristina Baz\u00e1n actuando junto a Jose Luis Rodriguez, &#8220;El Puma&#8221;, y Johanna Rosaly. Tres a\u00f1os despu\u00e9s actu\u00f3 en la tele-novela Yo S\u00e9 Que Ment\u00eda y comenz\u00f3 su gran trayectoria y popularidad como actriz en la pantalla peque\u00f1a. Muchos la recuerdan como Maria Elena en Sin Ti, y en Gata Salvaje, como Karina R\u00edos, o en Amigas y Rivales, como Ofelia Villada en donde sali\u00f3 con Angelica Vale y Michelle Vieth.<\/p>\n<p>&nbsp;<\/p>\n<p>Adem\u00e1s de su pasi\u00f3n por el cine, L\u00f3pez encontr\u00f3 el tiempo para el estudio, que nos cuenta, fue algo muy importante para ella. Se grad\u00fao con una Licenciatura en Comunicaciones de la Universidad del Sagrado Coraz\u00f3n en Puerto Rico.<\/p>\n<p>&nbsp;<\/p>\n<p>En su vida personal, Adamari dice que no ha sido f\u00e1cil vivir en el estrellato con las c\u00e1maras siempre sigui\u00e9ndola, pero que el amor siempre fue y ser\u00e1 algo importante para ella.<\/p>\n<p>&nbsp;<\/p>\n<p>Nos encontramos con la bella Adamari en uno de los restaurantes m\u00e1s famosos en Hollywood, Geisha House, en donde se condujo la entrevista y sesi\u00f3n de fotos con la actriz. M\u00e1s radiante y bella que nunca, Adamari nos cont\u00f3 su lucha contra el c\u00e1ncer, su trayectoria como actriz, su experiencia en Mira Quien Baila y sus sue\u00f1os. Lopez es realmente una de las mujeres m\u00e1s afectuosas e inspiradoras que hemos entrevistado ultimamente.<\/p>\n<p>&nbsp;<\/p>\n<p><strong>Cu\u00e9ntanos sobre la campa\u00f1a de Yoplait<\/strong><\/p>\n<p>Pues estoy s\u00faper contenta porque Yoplait me da la oportunidad de ser portavoz de su campa\u00f1a &#8220;Save Lids to Save Lives&#8221; por cuarto a\u00f1o. Ellos han estado 13 a\u00f1os en la lucha constante para tratar de recordarles a las mujeres hispanas lo importante de la detecci\u00f3n temprano del c\u00e1ncer de seno, y que me hayan escogido a m\u00ed cuatro a\u00f1os consecutivos ha sido s\u00faper importante y valioso en mi vida personal y en mi carrera como sobreviviente de la enfermedad.<\/p>\n<p>&nbsp;<\/p>\n<p><strong>\u00bfQu\u00e9 es lo m\u00e1s importante para ti en este proyecto?\u00a0<\/strong><\/p>\n<p>Poder estar en contacto con\u00a0 la gente, a m\u00ed me encanta. En los supermercados va mucha gente y puedo saludarlos, tomarme fotos con ellos, agradecerles de alguna manera el cari\u00f1o que me han brindado. En los cuatro a\u00f1os que hemos estado en la campa\u00f1a se han presentado historias muy lindas. Mujeres que vienen porque escucharon que yo he tenido c\u00e1ncer y se fueron a chequear y encontraron que tambi\u00e9n la ten\u00edan. En algunos casos coincide que estoy en su ciudad, y antes de que se vayan a operar, vienen al supermercado a verme. Vienen a pedir fuerza de c\u00f3mo enfrentar ese momento. Vienen abuelas que han perdido sus hijas y ahora cr\u00edan a sus nietas. Vienen mujeres que no saben si hacerse una reconstrucci\u00f3n porque les da miedo y piensan que si se la hacen les vuelve la enfermedad, tambi\u00e9n mujeres que no tienen recursos econ\u00f3micos para operarse sabiendo que tienen c\u00e1ncer.<\/p>\n<p>&nbsp;<\/p>\n<p><strong>La quimioterapia y todo ese tratamiento es muy costoso\u2026<\/strong><\/p>\n<p>\u00a1Todo! Ir a un hospital a hacerse una operaci\u00f3n cuesta mucho, la camilla te cuesta, el anestesi\u00f3logo te cuesta, el doctor te cuesta, los enfermeros te cuestan, el tylenol que te dan, todo te lo cobran. Es tan importante hacer chequeos.<\/p>\n<p>&nbsp;<\/p>\n<p><strong>\u00bfC\u00f3mo puede colaborar la gente?\u00a0<\/strong><\/p>\n<p>Pedirles que compren el yogur para que participen en la campa\u00f1a. Lo \u00fanico que la gente tiene que hacer es comprar el yogur Yoplait con tapita rosada durante el mes de septiembre y octubre, y enviarnos la tapita por correo. Por cada tapa que la gente env\u00ede, Yoplait dona diez centavos a la fundaci\u00f3n Susan G. Komen For the Cure, hasta llegar a dos millones de d\u00f3lares. El plazo para hacer eso es hasta el 31 de diciembre. Tambi\u00e9n hemos incluido a las cibern\u00e9ticas, lo pueden hacer por internet en www.tapasporlavida.com, poniendo el c\u00f3digo que tiene la tapita por atr\u00e1s.<\/p>\n<p>&nbsp;<\/p>\n<p><strong>\u00bfC\u00f3mo ha cambiado la campa\u00f1a desde que comenzaste?<\/strong><\/p>\n<p>Cada a\u00f1o var\u00eda algo, por ejemplo este a\u00f1o hay 400 mil d\u00f3lares m\u00e1s que el a\u00f1o pasado. Est\u00e1 la nueva forma de enviarlas por el internet que no hab\u00eda antes. Est\u00e1 el Fondo Yoplait para la mujer hispana, que tambi\u00e9n ayuda a las filiales de Susan G. Komen en los EU, a que propongan nuevas iniciativas de c\u00f3mo llevar el mensaje a nuestro mercado hispano. Para las iniciativas m\u00e1s creativas para implementarlas en la comunidad, Yoplait dar\u00e1 250 mil d\u00f3lares de esos 2 millones a esa iniciativa, o a varias iniciativas, para ayudar a las diferentes comunidades hispanas.<\/p>\n<p>&nbsp;<\/p>\n<p><strong>Desde el momento que fuiste diagnosticada hablaste del tema p\u00fablicamente&#8230;<\/strong><\/p>\n<p>Cuando yo me enferm\u00e9 quer\u00eda entender lo que me estaba pasando. Quer\u00eda saber m\u00e1s, le\u00ed mucho sobre el tema, viv\u00ed en una monta\u00f1a rusa de emociones, entre nervios, angustias, miedos, muchos cambios f\u00edsicos, muchos momentos de angustia. En lo que uno procesa todo eso uno tarda su tiempito, pero una vez que entend\u00ed todo ese proceso y lo asimil\u00e9 me dije, &#8220;ya s\u00e9 lo que voy a hacer&#8221;. Supe que ten\u00eda que hablar de la experiencia que estaba pasando y que era lo mejor que pod\u00eda hacer para poder salir m\u00e1s r\u00e1pido de eso y a la vez, ayudar a otras mujeres.<\/p>\n<p>&nbsp;<\/p>\n<p><strong>El poder usar tu popularidad para informar al p\u00fablico es algo muy importante para muchos artistas\u2026<\/strong><\/p>\n<p>Yo creo que debemos usar ese reconocimiento que tenemos por la labor que hacemos en televisi\u00f3n, en el cine, en el teatro, como cantantes o artistas en general, para poder llevar mensajes que ayuden a la comunidad, que impacten de alguna manera la vida de otro ser humano de forma positiva, y que nos de un prop\u00f3sito. No es nada m\u00e1s actuar y verse bonita en la televisi\u00f3n, sino tratar de hacer algo por alguien m\u00e1s.<\/p>\n<p>&nbsp;<\/p>\n<p><strong>Luces muy bella, \u00bfc\u00f3mo te sientes en este momento?\u00a0<\/strong><\/p>\n<p>Estoy muy contenta, creo que he entrado a los 40 con tranquilidad, con serenidad, con mucha alegr\u00eda, disfrutando cada cosa que me pasa, cada proyecto en el que me involucro. A lo mejor eso es lo que se refleja, porque estoy gozando de mi vida como no tienes idea.<\/p>\n<p><img decoding=\"async\" loading=\"lazy\" class=\"aligncenter\" title=\"adamari3_10_18_11\" src=\"http:\/\/paratodos.com\/pt\/wp-content\/uploads\/2011\/10\/adamari3_10_18_11.jpg\" alt=\"\" width=\"450\" height=\"582\" \/><\/p>\n<p><strong>Tres d\u00e9cadas frente a la c\u00e1mara y te ves m\u00e1s hermosa que nunca, te hemos nombrado La M\u00e1s Bella del A\u00f1o<\/strong><\/p>\n<p>\u00a1Gracias! Me siento bien, estoy haciendo ejercicios, dedic\u00e1ndole tiempito y cari\u00f1o al cuerpo, dedic\u00e1ndome un tiempo a m\u00ed porque siempre me he dedi cado a todos los dem\u00e1s, ahora me toca a m\u00ed.<\/p>\n<p>&nbsp;<\/p>\n<p><strong>\u00bfD\u00f3nde te ves en 5 a\u00f1os?<\/strong><\/p>\n<p>Desde que me enferm\u00e9, estoy pensando que me gustar\u00eda escribir un libro, obviamente tendr\u00eda mucho que ver con mi historia, y con la base de seguir adelante que me dan mis padres.<\/p>\n<p>&nbsp;<\/p>\n<p><strong>\u00bfEscrib\u00eds tus recuerdos en un diario?\u00a0<\/strong><\/p>\n<p>Cuando me enferm\u00e9 escrib\u00ed muchas cositas y all\u00ed est\u00e1n guardadas, todas las tengo en una cajita con todas las cosas que le\u00ed y que me daban.<\/p>\n<p>&nbsp;<\/p>\n<p><strong>\u00bfQu\u00e9 es lo que m\u00e1s aprendiste de ti misma en esa etapa dif\u00edcil de tu vida?\u00a0<\/strong><\/p>\n<p>Creo que soy mucho m\u00e1s fuerte y valiente de lo que yo misma pensaba. Yo me cre\u00eda a lo mejor m\u00e1s d\u00e9bil para enfrentar enfermedades, cosas que ten\u00edan que ver con operaciones, sangre. Creo que hab\u00eda estado en el hospital en una ocasi\u00f3n por alg\u00fan problema gastrointestinal pero no, esas cosas que vas un d\u00eda y te sacan el otro. Yo no pensa ba que ten\u00eda tanta fortaleza.<\/p>\n<p>&nbsp;<\/p>\n<p><strong>\u00bfQui\u00e9nes son tus modelos a seguir?\u00a0<\/strong><\/p>\n<p>Mis padres siempre han sido una base muy importante en mi vida y eso no ha cambiado. Ellos fueron una parte important\u00edsima en mi recuperaci\u00f3n al igual que mis hermanos. El apoyo que he tenido siempre de mi familia ha sido para mi la raz\u00f3n que me mantiene firme, adem\u00e1s de la fe en papa dios.<\/p>\n<p>&nbsp;<\/p>\n<p><strong>\u00bfC\u00f3mo describir\u00edas tu relaci\u00f3n con tus padres?\u00a0<\/strong><\/p>\n<p>Mi mam\u00e1 siempre ha sido como mi amiga. Los dos han sido maravillosos conmigo. Ella siempre habla de todo muy abiertamente y siempre ha sido mam\u00e1 y se le respeta sus puntos en la casa, pero tambi\u00e9n ha sabido ser amiga y ha sabido escuchar y entender y estar. Papi es m\u00e1s fuerte, un hombre muy recto, casi militar, me ha ense\u00f1ado mucha disciplina, de como salir adelante, esa fortaleza de seguir luchando para estar bien, no quejarse por cualquier tonter\u00eda, quiz\u00e1s viene de mi papi.<\/p>\n<p>&nbsp;<\/p>\n<p><strong>Danos tres palabras que te describen en este momento\u00a0<\/strong><\/p>\n<p>Feliz, motivada y siguiendo adelante.<\/p>\n<p>&nbsp;<\/p>\n<p><strong>Se que tienes deseos de regresar a las telenove las el a\u00f1o que viene, \u00bfest\u00e1s leyendo guiones?\u00a0<\/strong><\/p>\n<p>Me han hecho acercamientos y deseo aceptar alguno pero hay que ver cuando voy a terminar Mira Qui\u00e9n Baila que espero llegar al final, y llevarme ese dinero para la fundaci\u00f3n de Susan G. Komen. Porque estoy bailando para esa causa, como as\u00ed tambi\u00e9n es la campa\u00f1a de Yoplait. Una cosa va a la mano de la otra. Si llego hasta la final entonces esperar\u00edamos a que se acabe que ser\u00eda como para el 20 de noviembre, y ya viene Thanksgiving y Navidad entonces ser\u00eda para el pr\u00f3ximo a\u00f1o. No es que no hay tiempo, es que ning\u00fan proyecto empieza en esas fechas. A lo mejor para la primera semana de enero estar\u00e9 trabajando.<\/p>\n<p>&nbsp;<\/p>\n<p><strong>\u00bfCu\u00e1les son tus mejores recuerdos de las novelas?<\/strong><\/p>\n<p>Es que todo lo disfruto tanto, mis compa\u00f1eros, M\u00e9xico me ha recibido con los brazos abiertos cuando viv\u00ed y trabaj\u00e9 all\u00ed. Yo disfruto mucho mi trabajo, yo digo que me pagan por hacer lo que me gusta. Haber tenido la oportunidad de trabajar de chiquita en Puerto Rico para empezar en mi casa, despu\u00e9s en Venezuela hice dos novelas, luego regres\u00e9 a estudiar en la universidad y me grad\u00fae.<\/p>\n<p>&nbsp;<\/p>\n<p><strong>\u00bfFue importante volver a estudiar para ti?\u00a0<\/strong><\/p>\n<p>Era lo \u00fanico que me ped\u00edan mis papas. Ellos dec\u00edan, &#8220;te dejamos hacer lo que tu quieras, te complacemos en lo que tu quieras. Compl\u00e1cenos tu a nosotros estudiando una carrera por si acaso no funciona el ser actriz&#8221;.<\/p>\n<p>&nbsp;<\/p>\n<p><strong>Te recibiste con un enfoque en comunicaciones\u2026<\/strong><\/p>\n<p>Estudi\u00e9 comunicaciones y empec\u00e9 una maestr\u00eda en relaciones p\u00fablicas cuando se abri\u00f3 la oportunidad de ir a M\u00e9xico y me qued\u00e9, s\u00f3lo estuve un semestre en relaciones p\u00fablicas. Cuando decid\u00ed estudiar, cog\u00ed algo que estuviera relacionado a lo que me ha gustado hacer.<\/p>\n<p>&nbsp;<\/p>\n<p><strong>Imagino que esa educaci\u00f3n te ha ayudado con proyectos como ser portavoz para la campa\u00f1a de Yoplait.\u00a0<\/strong><\/p>\n<p>Creo que s\u00ed. Mucho de lo que aprend\u00ed de la universidad sobre campa\u00f1as o de tener una imagen o presentar cosas, esas mismas estrategias uno las puede utilizar para una campa\u00f1a para promover lo que sea que se deba promover.<\/p>\n<p>&nbsp;<\/p>\n<p><strong>Se nota que tu familia te ha sabido guiar<\/strong><\/p>\n<p>Yo digo que si volviera a nacer querr\u00eda nacer en la misma casa. Estoy muy orgullosa de ser hija de Don Luis y Do\u00f1a Vidalina.<\/p>\n<p>&nbsp;<\/p>\n<p><strong>\u00bfDe qu\u00e9 novela tienes los mejores recuerdos?\u00a0<\/strong><\/p>\n<p>Yo creo que el haber empezado a trabajar en M\u00e9xico fue lo que abri\u00f3 la puerta para que la ca-rrera se fuera reconociendo como la Adamari Lopez que soy. Si no hubiese tenido esa oportunidad, no se como hubiese sido mi vida. Quiz\u00e1s ese primer papel en M\u00e9xico me abri\u00f3 la puerta y me dej\u00f3 quedarme en los corazones de la gente, fue el papel clave de la novela Sin Ti que realic\u00e9 con Gabriela Rivero y con Ren\u00e9 Strickler.<\/p>\n<p>&nbsp;<\/p>\n<p><strong>Y despu\u00e9s de ese papel, \u00bfqu\u00e9 vino?<\/strong><\/p>\n<p>Camila, con Eduardo Capetillo y Babi Gayt\u00e1n. Creo que cada uno de esos me hicieron subir un escal\u00f3n. Fue creciendo mi carrera a nivel internacional, porque en mi pa\u00eds ya me conoc\u00edan.<\/p>\n<p>&nbsp;<\/p>\n<p><strong>Adem\u00e1s traducen las novelas a otros idiomas logrando un p\u00fablico que uno nunca espera\u00a0<\/strong><\/p>\n<p>M\u00e9xico pone regal\u00edas, que si en Rumania, que si en todos lados. Hay tantos pa\u00edses en los que se transmiten las novelas donde uno se hace conocer y se dice &#8220;wow&#8221;.<\/p>\n<p>&nbsp;<\/p>\n<p><strong>\u00bfDesear\u00edas hacer algo en Hollywood?\u00a0<\/strong><\/p>\n<p>\u00a1Claro! Me encantar\u00eda.<\/p>\n<p>&nbsp;<\/p>\n<p><strong>\u00bfEn ingl\u00e9s?\u00a0<\/strong><\/p>\n<p>En ingl\u00e9s me gustar\u00eda, no le tengo miedo pero no me fluye el idioma a\u00fan, cuando me pongo nerviosa digo disparates, pero no le tengo miedo. No me da miedo hablarlo, si digo cuatro disparates, \u00a1que me entiendan! (risas).<\/p>\n<p>&nbsp;<\/p>\n<p><strong>Hasta el cine en espa\u00f1ol est\u00e1 pegando en Hollywood<\/strong><\/p>\n<p>\u00a1Claro! Yo creo que hay muchas oportunidades de hacer cine, se han abierto muchos mercados. Est\u00e1n haciendo muchas producciones en M\u00e9xico, Colombia, aqu\u00ed mismo en los EU en espa\u00f1ol. \u00bfPor qu\u00e9 no tocar todas esas bases?<\/p>\n<p>&nbsp;<\/p>\n<p><strong>\u00bfCon qui\u00e9n desear\u00edas trabajar?\u00a0<\/strong><\/p>\n<p>No sabr\u00eda decirte, con cualquiera que tenga un buen proyecto y que tenga la misma pasi\u00f3n. No importa si hay mucha o poca plata, sino un proyecto bueno.<\/p>\n<p>&nbsp;<\/p>\n<p><strong>\u00bfCu\u00e1l ser\u00eda tu papel ideal?\u00a0<\/strong><\/p>\n<p>Algo que me rete, algo que me haga demostrar d\u00eda con d\u00eda que puedo crecer como actriz, no quedarme en lo mismo. Cualquier cosa que me ofrezca un desaf\u00edo. Estoy abierta a todos los proyectos pero las cosas m\u00e1s actuales creo que atrapan m\u00e1s a la gente.<\/p>\n<p>&nbsp;<\/p>\n<p><strong>\u00bfCu\u00e1l es tu mensaje para tus fans?\u00a0<\/strong><\/p>\n<p>Que se cuiden, que las mujeres se acuerden que todas estamos expuestas a la enfermedad, no importa de qu\u00e9 clase social sea, de qu\u00e9 raza, de qu\u00e9 nacionalidad, debemos ponernos como prio ridad. Tienen que aprender a hacerse el auto examen y perder el miedo a ir a visitar al doctor. No hay nada m\u00e1s importante que uno, y si uno est\u00e1 bien, puede cuidar a la gente que quiere, a la gente que est\u00e1 cerca nuestro y que es importante para uno. Aprendan a quererse y a valorare primero para que puedan tener una mejor calidad de vida.<\/p>\n<p>&nbsp;<\/p>\n<p><img decoding=\"async\" loading=\"lazy\" class=\"aligncenter\" title=\"adamari2_10_18_11\" src=\"http:\/\/paratodos.com\/pt\/wp-content\/uploads\/2011\/10\/adamari2_10_18_11.jpg\" alt=\"\" width=\"450\" height=\"582\" \/><\/p>\n<p><strong>\u00bfCu\u00e1l ha sido el mejor consejo que te han dado tus padres?\u00a0<\/strong><\/p>\n<p>Mucha disciplina para trabajar, no estar en algo que no te apasione, y disfrutar cada momento. Disfrutar la vida y vivirla al m\u00e1ximo, disfrutar de la gente que est\u00e1 alrededor tuyo, valorarla y darte tiempo para compartir y platicar con ella.<\/p>\n<p>&nbsp;<\/p>\n<p>&#8220;Me siento s\u00faper bien, de verdad que ni yo creo que tengo 40. Me siento joven, me siento llena de vida, para nada pienso que tengo 40&#8221;, nos cuenta Adamari.<\/p>\n<p>&nbsp;<\/p>\n<p>Con incontables metas y sue\u00f1os todav\u00eda por cumplir, Adamari L\u00f3pez se ve m\u00e1s contenta y feliz que nunca. Auguramos que el 2012 le propinar\u00e1 grandes proyectos que los convertir\u00e1 en \u00e9xitos por su disposici\u00f3n y \u00f3ptima actitud hacia la vida, el trabajo, su p\u00fablico y sus fervientes fans.<\/p>\n<p>&nbsp;<\/p>\n<p><strong>Fotos Francis Bertrand<\/strong><\/p>\n<p><strong>Maquillaje Clark Ivor\u00a0<\/strong><\/p>\n<p>[youtube]http:\/\/youtu.be\/5m_aYplrat8[\/youtube]<\/p>\n<p>&nbsp;<\/p>\n<p>&nbsp;<\/p>\n<!-- AddThis Advanced Settings generic via filter on the_content --><!-- AddThis Share Buttons generic via filter on the_content -->","protected":false},"excerpt":{"rendered":"<p>En marzo del 2005 Adamari L\u00f3pez, con mucha entereza, anunci\u00f3 que fue diagnosticada con c\u00e1ncer de seno. En ese momento, Adamari comenz\u00f3 una nueva etapa en su vida, que la llev\u00f3 a superarse de la enfermedad y con valent\u00eda educar, informar y ayudar a otras mujeres que han enfrentado la misma situaci\u00f3n. Adamari se encuentra [&hellip;]<!-- AddThis Advanced Settings generic via filter on get_the_excerpt --><!-- AddThis Share Buttons generic via filter on get_the_excerpt --><\/p>\n","protected":false},"author":1,"featured_media":4036,"comment_status":"open","ping_status":"closed","sticky":false,"template":"","format":"standard","meta":{"ngg_post_thumbnail":0},"categories":[10,6],"tags":[],"_links":{"self":[{"href":"http:\/\/paratodos.com\/pt\/wp-json\/wp\/v2\/posts\/4011"}],"collection":[{"href":"http:\/\/paratodos.com\/pt\/wp-json\/wp\/v2\/posts"}],"about":[{"href":"http:\/\/paratodos.com\/pt\/wp-json\/wp\/v2\/types\/post"}],"author":[{"embeddable":true,"href":"http:\/\/paratodos.com\/pt\/wp-json\/wp\/v2\/users\/1"}],"replies":[{"embeddable":true,"href":"http:\/\/paratodos.com\/pt\/wp-json\/wp\/v2\/comments?post=4011"}],"version-history":[{"count":10,"href":"http:\/\/paratodos.com\/pt\/wp-json\/wp\/v2\/posts\/4011\/revisions"}],"predecessor-version":[{"id":4037,"href":"http:\/\/paratodos.com\/pt\/wp-json\/wp\/v2\/posts\/4011\/revisions\/4037"}],"wp:featuredmedia":[{"embeddable":true,"href":"http:\/\/paratodos.com\/pt\/wp-json\/wp\/v2\/media\/4036"}],"wp:attachment":[{"href":"http:\/\/paratodos.com\/pt\/wp-json\/wp\/v2\/media?parent=4011"}],"wp:term":[{"taxonomy":"category","embeddable":true,"href":"http:\/\/paratodos.com\/pt\/wp-json\/wp\/v2\/categories?post=4011"},{"taxonomy":"post_tag","embeddable":true,"href":"http:\/\/paratodos.com\/pt\/wp-json\/wp\/v2\/tags?post=4011"}],"curies":[{"name":"wp","href":"https:\/\/api.w.org\/{rel}","templated":true}]}}